{"id":124,"date":"2021-09-27T14:46:05","date_gmt":"2021-09-27T17:46:05","guid":{"rendered":"https:\/\/cidadelaeditorial.com.br\/edicao-por-demanda\/?p=124"},"modified":"2021-10-07T14:50:20","modified_gmt":"2021-10-07T17:50:20","slug":"conheca-o-patrono-da-67a-feira-do-livro-de-porto-alegre","status":"publish","type":"post","link":"https:\/\/cidadelaeditorial.com.br\/edicao-por-demanda\/conheca-o-patrono-da-67a-feira-do-livro-de-porto-alegre\/","title":{"rendered":"Conhe\u00e7a o patrono da 67\u00aa Feira do Livro de Porto Alegre"},"content":{"rendered":"<p style=\"text-align: justify;\"><strong>Fabr\u00edcio Carpinejar<\/strong> tem v\u00e1rias frentes: escritor premiado, jornalista com larga experi\u00eancia em programas em r\u00e1dio e televis\u00e3o, ator interpretando suas cr\u00f4nicas, influenciador digital com tr\u00eas milh\u00f5es de seguidores nas redes sociais, palestrante requisitado no mundo corporativo.<\/p>\n<p style=\"text-align: justify;\">O comunicador escreve cr\u00f4nicas semanais para o jornal O Tempo e \u00e9 comentarista do programa \u201cEncontro Com F\u00e1tima Bernardes\u201d, da Rede Globo. Caracterizado por Luis Fernando Verissimo como &#8220;usina de lirismo&#8221; ou dono de uma influente imagina\u00e7\u00e3o destacada por Mill\u00f4r (&#8220;Vai, l\u00ea ele, devagar, decifra-o e ele te devora&#8221;), Fabr\u00edcio Carpinejar chama aten\u00e7\u00e3o pela contund\u00eancia e originalidade de suas opini\u00f5es.<\/p>\n<p style=\"text-align: justify;\">Com 47 livros publicados, e mais de 20 pr\u00eamios liter\u00e1rios, entre eles duas vezes o <strong>Pr\u00eamio Jabuti<\/strong>, Fabr\u00edcio Carpinejar \u00e9 um dos escritores contempor\u00e2neos brasileiros mais reconhecidos do pa\u00eds.<\/p>\n<p style=\"text-align: justify;\">Suas obras transitam entre diversos g\u00eaneros como poesia, cr\u00f4nicas, infanto-juvenis e reportagens. Seu livro \u201cCoragem de Viver\u201d (Editora Planeta) \u00e9 uma homenagem \u00e0 figura materna. A obra &#8220;Colo, por favor!&#8221;(2020), a primeira an\u00e1lise sobre o isolamento social, j\u00e1 est\u00e1 na s\u00e9tima edi\u00e7\u00e3o e \u201cCuide Dos Seus Pais Antes Que Seja Tarde\u201d (2018), figurou entre os mais vendidos no pa\u00eds na categoria N\u00e3o Fic\u00e7\u00e3o, de acordo com a lista da revista Veja e foi tema do TEDx Fortaleza de 2019.<\/p>\n<p style=\"text-align: justify;\">O poeta tamb\u00e9m \u00e9 famoso nas redes sociais por postar pequenos pensamentos escritos em guardanapos, que compartilha diariamente com seus seguidores. Durante dez anos, de 2001 a 2011, trabalhou na Unisinos, onde foi professor e coordenador de curso e idealizou as gradua\u00e7\u00f5es de Forma\u00e7\u00e3o de Produtores e Agentes Liter\u00e1rios e Forma\u00e7\u00e3o de Produtores e M\u00fasicos de Rock.<\/p>\n<p style=\"text-align: justify;\">Foi escolhido pela revista \u00c9poca como uma das 27 personalidades mais influentes na internet. \u00c9 uma das figuras mais solicitadas por empresas no pa\u00eds para falar sobre empatia e criatividade em ambientes de crise e adversidade. J\u00e1 participou como palestrante de todas grandes feiras e festivais liter\u00e1rios do pa\u00eds, como Jornada Liter\u00e1ria de Passo Fundo e Festival Internacional de Paraty (RJ).<\/p>\n<p style=\"text-align: justify;\">O codinome \u201cCarpinejar\u201d, que usa para assinar seus trabalhos, \u00e9 fruto da jun\u00e7\u00e3o dos sobrenomes dos pais, Maria Carpi e Carlos Nejar.<\/p>\n<p style=\"text-align: justify;\"><strong>Nova obra de Fabr\u00edcio Carpinejar ser\u00e1 lan\u00e7ada na Feira<\/strong><\/p>\n<p style=\"text-align: justify;\">A obra Depois \u00e9 nunca, publicado pela editora Berytand Brasil, ter\u00e1 sess\u00e3o de aut\u00f3grafos no dia 6 de outubro, na Feira do Livro de Porto Alegre. Neste trabalho, o autor tece envolventes e delicadas narrativas sobre o luto no meio de uma pandemia que paralisou o mundo por dois anos e desestruturou fam\u00edlias e lares com perdas inesperadas.<\/p>\n<p>&nbsp;<\/p>\n<p><em>Fonte: Feira do Livro<\/em><\/p>\n","protected":false},"excerpt":{"rendered":"<p>Fabr\u00edcio Carpinejar tem v\u00e1rias frentes: escritor premiado, jornalista com larga experi\u00eancia em programas em r\u00e1dio e televis\u00e3o, ator interpretando suas cr\u00f4nicas, influenciador digital com tr\u00eas milh\u00f5es de seguidores nas redes sociais, palestrante requisitado no mundo corporativo. O comunicador escreve cr\u00f4nicas semanais para o jornal O Tempo e \u00e9 comentarista do programa \u201cEncontro Com F\u00e1tima Bernardes\u201d, [&hellip;]<\/p>\n","protected":false},"author":1,"featured_media":125,"comment_status":"open","ping_status":"open","sticky":false,"template":"","format":"standard","meta":[],"categories":[6,3],"tags":[],"_links":{"self":[{"href":"https:\/\/cidadelaeditorial.com.br\/edicao-por-demanda\/wp-json\/wp\/v2\/posts\/124"}],"collection":[{"href":"https:\/\/cidadelaeditorial.com.br\/edicao-por-demanda\/wp-json\/wp\/v2\/posts"}],"about":[{"href":"https:\/\/cidadelaeditorial.com.br\/edicao-por-demanda\/wp-json\/wp\/v2\/types\/post"}],"author":[{"embeddable":true,"href":"https:\/\/cidadelaeditorial.com.br\/edicao-por-demanda\/wp-json\/wp\/v2\/users\/1"}],"replies":[{"embeddable":true,"href":"https:\/\/cidadelaeditorial.com.br\/edicao-por-demanda\/wp-json\/wp\/v2\/comments?post=124"}],"version-history":[{"count":3,"href":"https:\/\/cidadelaeditorial.com.br\/edicao-por-demanda\/wp-json\/wp\/v2\/posts\/124\/revisions"}],"predecessor-version":[{"id":128,"href":"https:\/\/cidadelaeditorial.com.br\/edicao-por-demanda\/wp-json\/wp\/v2\/posts\/124\/revisions\/128"}],"wp:featuredmedia":[{"embeddable":true,"href":"https:\/\/cidadelaeditorial.com.br\/edicao-por-demanda\/wp-json\/wp\/v2\/media\/125"}],"wp:attachment":[{"href":"https:\/\/cidadelaeditorial.com.br\/edicao-por-demanda\/wp-json\/wp\/v2\/media?parent=124"}],"wp:term":[{"taxonomy":"category","embeddable":true,"href":"https:\/\/cidadelaeditorial.com.br\/edicao-por-demanda\/wp-json\/wp\/v2\/categories?post=124"},{"taxonomy":"post_tag","embeddable":true,"href":"https:\/\/cidadelaeditorial.com.br\/edicao-por-demanda\/wp-json\/wp\/v2\/tags?post=124"}],"curies":[{"name":"wp","href":"https:\/\/api.w.org\/{rel}","templated":true}]}}